{"id":1222,"date":"2019-08-30T14:53:13","date_gmt":"2019-08-30T12:53:13","guid":{"rendered":"http:\/\/www.hvu.si\/srednja\/?p=1222"},"modified":"2019-09-29T13:19:24","modified_gmt":"2019-09-29T11:19:24","slug":"na-pragu-novega-solskega-leta-2019-20","status":"publish","type":"post","link":"https:\/\/www.hvu.si\/srednja\/?p=1222","title":{"rendered":"Na pragu novega \u0161olskega leta 2019\/20 \u2026"},"content":{"rendered":"<p style=\"text-align: justify;\"><span style=\"font-family: book antiqua, palatino, serif; font-size: 14pt;\">Na pragu novega \u0161olskega leta smo, ko ste\u00a0 nekateri dijaki prvi\u010d prestopili prag na\u0161e \u0161ole, medtem, ko ste jo drugi \u017ee vzeli za svoj drugi dom. Veseli smo, da ste postali na\u0161i dijaki in dijakinje.<\/span><\/p>\n<p><!--more--><\/p>\n<p style=\"text-align: justify;\"><span style=\"font-family: book antiqua, palatino, serif; font-size: 14pt;\">Prihajate iz vseh koncev Slovenije, najve\u010d pa \u00a0iz Savinjske regije. Zato je prav zanimivo poslu\u0161ati va\u0161e dialekte in opazovati razli\u010dne kulturne navade. Da se bomo na \u0161oli vsi skupaj \u2013 dijaki, dijakinje, u\u010ditelji, u\u010diteljice in ostali zaposleni, kar najbolje razumeli, je prav, da se dr\u017eimo dogovorjenega hi\u0161nega reda, ki so vam ga \u00a0bodo predstavili va\u0161i razredniki.<\/span><\/p>\n<p style=\"text-align: justify;\"><span style=\"font-family: book antiqua, palatino, serif; font-size: 14pt;\">V \u010dasu po\u010ditnic nam je uspelo del \u0161olskih prostorov prepleskati, na novo urediti sanitarije pri u\u010dilnici 33, ki bodo uporabne po 15. septembru, obnoviti parkirne prostore na \u0161olskem dvori\u0161\u010du in temeljito posodobiti ra\u010dunalni\u0161ke programe. Zato od vas spo\u0161tovani dijaki in dijakinje pri\u010dakujem odgovoren odnos do \u0161olske imovine.<\/span><\/p>\n<p style=\"text-align: justify;\"><span style=\"font-family: book antiqua, palatino, serif; font-size: 14pt;\">Na \u0161olo ste pri\u0161li po znanje, spretnosti in ve\u0161\u010dine, kar je za nas u\u010ditelje in u\u010diteljice velika zaveza. Potrudili se bomo, da bomo kar v najve\u010dji meri opravi\u010dili va\u0161e zaupanje.<\/span><\/p>\n<p style=\"text-align: justify;\"><span style=\"font-family: book antiqua, palatino, serif; font-size: 14pt;\">V leto\u0161njem \u0161olskem letu nadaljujemo z e \u2013 redovalnico in e \u2013 dnevnikom, ter kro\u017eki, ki bodo vsak 2. in 4. torek v mesecu; zato bo pouk ob torkih do13.10. Dijaki se boste lahko vpisali v posamezne kro\u017eke, ki vas zanimajo. Tudi razredne ure bodo na urniku in sicer vsak 3. torek\u00a0 ob 13.10.<\/span><\/p>\n<p style=\"text-align: justify;\"><span style=\"font-family: book antiqua, palatino, serif; font-size: 14pt;\">Pred vami vsemi \u00a0je torej nov \u00a0cilj v \u017eivljenju, pot, po kateri boste stopali, ste si izbrali sami. Ste dijaki in dijakinje \u0161ole, ki vam bo poleg u\u010denja nudila veliko mo\u017enosti, biti to, kar ste.<\/span><\/p>\n<p style=\"text-align: justify;\"><span style=\"font-family: book antiqua, palatino, serif; font-size: 14pt;\">Da bo ta pot la\u017eja, imate ob sebi razrednike, u\u010ditelje in u\u010diteljice ter svetovalno delavko, ki vas bodo usmerjali in stali ob strani na va\u0161i poti do cilja. Tudi moja vrata so za vas vedno na \u0161iroko odprta.<\/span><\/p>\n<p style=\"text-align: justify;\"><span style=\"font-family: book antiqua, palatino, serif; font-size: 14pt;\">Ozrite se naokoli in kmalu boste spoznali sorodno du\u0161o, ki bo postal\/a va\u0161 novi prijatelj, prijateljica \u2026 ali pa ta \u017ee obstaja in se potrudite, da obdr\u017eite prijateljstvo.<\/span><\/p>\n<p style=\"text-align: justify;\"><span style=\"font-family: book antiqua, palatino, serif; font-size: 14pt;\">\u017delim vam uspe\u0161en za\u010detek novega \u0161olskega leta ter varno pot v \u0161olo in nazaj domov.<\/span><\/p>\n<p style=\"text-align: justify;\"><span style=\"font-family: book antiqua, palatino, serif; font-size: 14pt;\"><strong>Spo\u0161tovani kolegi u\u010ditelji in u\u010diteljice:<\/strong><\/span><\/p>\n<p style=\"text-align: justify;\"><span style=\"font-family: book antiqua, palatino, serif; font-size: 14pt;\">Tudi vam \u017eelim uspe\u0161en za\u010detek novega \u0161olskega leta.<\/span><\/p>\n<p style=\"text-align: justify;\">\n<p style=\"text-align: justify;\"><span style=\"font-family: book antiqua, palatino, serif; font-size: 14pt;\"><em>Dragi dijak, draga dijakinja \u2026<\/em><\/span><\/p>\n<p style=\"text-align: justify;\"><span style=\"font-family: book antiqua, palatino, serif; font-size: 14pt;\"><em>Vlak \u017ee pelje \u2026 hitro stopi v prvi vagon, tam najde\u0161 svoje so\u0161olce \u2026<\/em><\/span><\/p>\n<p style=\"text-align: justify;\"><span style=\"font-family: book antiqua, palatino, serif; font-size: 14pt;\"><em>Labirint ustvarjanja \u010daka nate \u2026 postani ustvarjalec in sooblikovalec \u0161olskega\u00a0 parka in hodnika \u0160ole za hortikulturo in vizualne umetnosti Celje tudi ti \u2026<\/em><\/span><\/p>\n<p style=\"text-align: justify;\">\n<p style=\"text-align: justify;\"><span style=\"font-family: book antiqua, palatino, serif; font-size: 14pt;\">\u0160tefanija Kos Zidar,<\/span><\/p>\n<p style=\"text-align: justify;\"><span style=\"font-family: book antiqua, palatino, serif; font-size: 14pt;\">ravnateljica<\/span><\/p>\n","protected":false},"excerpt":{"rendered":"<p>Na pragu novega \u0161olskega leta smo, ko ste\u00a0 nekateri dijaki prvi\u010d prestopili prag na\u0161e \u0161ole, medtem, ko ste jo drugi \u017ee vzeli za svoj drugi dom. Veseli smo, da ste postali na\u0161i dijaki in dijakinje.<\/p>\n","protected":false},"author":7,"featured_media":0,"comment_status":"open","ping_status":"open","sticky":false,"template":"","format":"standard","meta":{"footnotes":""},"categories":[4],"tags":[],"class_list":["post-1222","post","type-post","status-publish","format-standard","hentry","category-obvestila"],"_links":{"self":[{"href":"https:\/\/www.hvu.si\/srednja\/index.php?rest_route=\/wp\/v2\/posts\/1222","targetHints":{"allow":["GET"]}}],"collection":[{"href":"https:\/\/www.hvu.si\/srednja\/index.php?rest_route=\/wp\/v2\/posts"}],"about":[{"href":"https:\/\/www.hvu.si\/srednja\/index.php?rest_route=\/wp\/v2\/types\/post"}],"author":[{"embeddable":true,"href":"https:\/\/www.hvu.si\/srednja\/index.php?rest_route=\/wp\/v2\/users\/7"}],"replies":[{"embeddable":true,"href":"https:\/\/www.hvu.si\/srednja\/index.php?rest_route=%2Fwp%2Fv2%2Fcomments&post=1222"}],"version-history":[{"count":2,"href":"https:\/\/www.hvu.si\/srednja\/index.php?rest_route=\/wp\/v2\/posts\/1222\/revisions"}],"predecessor-version":[{"id":1343,"href":"https:\/\/www.hvu.si\/srednja\/index.php?rest_route=\/wp\/v2\/posts\/1222\/revisions\/1343"}],"wp:attachment":[{"href":"https:\/\/www.hvu.si\/srednja\/index.php?rest_route=%2Fwp%2Fv2%2Fmedia&parent=1222"}],"wp:term":[{"taxonomy":"category","embeddable":true,"href":"https:\/\/www.hvu.si\/srednja\/index.php?rest_route=%2Fwp%2Fv2%2Fcategories&post=1222"},{"taxonomy":"post_tag","embeddable":true,"href":"https:\/\/www.hvu.si\/srednja\/index.php?rest_route=%2Fwp%2Fv2%2Ftags&post=1222"}],"curies":[{"name":"wp","href":"https:\/\/api.w.org\/{rel}","templated":true}]}}