{"id":1998,"date":"2025-08-18T12:27:16","date_gmt":"2025-08-18T10:27:16","guid":{"rendered":"https:\/\/www.hvu.si\/izobrazevalni-center\/?p=1998"},"modified":"2025-09-30T14:31:49","modified_gmt":"2025-09-30T12:31:49","slug":"prijava-in-vpis-v-srednjesolske-programe-izobrazevanja-odraslih-v-solskem-letu-2025-26","status":"publish","type":"post","link":"https:\/\/www.hvu.si\/izobrazevalni-center\/?p=1998","title":{"rendered":"Prijava in vpis v srednje\u0161olske programe izobra\u017eevanja odraslih v \u0161olskem letu 2025\/26"},"content":{"rendered":"<p><span style=\"font-family: verdana, geneva, sans-serif\"><strong>Prijava in vpis v srednje\u0161olske programe izobra\u017eevanja odraslih v \u0161olskem letu 2025\/26<\/strong><\/span><\/p>\n<ul>\n<li><span style=\"font-family: verdana, geneva, sans-serif\">Srednje\u0161olski programi izobra\u017eevanja odraslih:<\/span><\/li>\n<li><span style=\"font-family: verdana, geneva, sans-serif\">ARAN\u017dERSKI TEHNIK,<\/span><\/li>\n<li><span style=\"font-family: verdana, geneva, sans-serif\">CVETLI\u010cAR,<\/span><\/li>\n<li><span style=\"font-family: verdana, geneva, sans-serif\">FOTOGRAFSKI TEHNIK,<\/span><\/li>\n<li><span style=\"font-family: verdana, geneva, sans-serif\">HORTIKULTURNI TEHNIK,<\/span><\/li>\n<li><span style=\"font-family: verdana, geneva, sans-serif\">VRTNAR.<\/span><\/li>\n<\/ul>\n<p><span style=\"font-family: verdana, geneva, sans-serif\"><strong>\u00a0<\/strong><\/span><span style=\"font-family: verdana, geneva, sans-serif;color: #008080\"><strong>Datumi prijave in vpisov:<\/strong><\/span><\/p>\n<ul>\n<li><span style=\"font-family: verdana, geneva, sans-serif\"><strong>Ponedeljek, 25. avgust 2025, ob 13.00, <\/strong><\/span><\/li>\n<li><span style=\"font-family: verdana, geneva, sans-serif\"><strong>Ponedeljek, 1. september 2025, ob 13.00,<\/strong><\/span><\/li>\n<li><span style=\"font-family: verdana, geneva, sans-serif\"><strong>Ponedeljek, 8. september 2025, ob 13.00,<\/strong><\/span><\/li>\n<li><span style=\"font-family: verdana, geneva, sans-serif\"><strong>Ponedeljek, 15. september 2025, ob 13.00,<\/strong><\/span><\/li>\n<li><span style=\"font-family: verdana, geneva, sans-serif\"><strong>Ponedeljek, 22. september 2025, ob 13.00,<\/strong><\/span><\/li>\n<li><span style=\"font-family: verdana, geneva, sans-serif\"><strong>Ponedeljek, 29. september 2025, ob 13.00,<\/strong><\/span><\/li>\n<li><strong><span style=\"font-family: verdana, geneva, sans-serif\">Torek, 30. september 2025, ob 13.00\u00a0 (DODATNI VPISNI DATUM),<\/span><\/strong><\/li>\n<li><strong><span style=\"font-family: verdana, geneva, sans-serif\">Ponedeljek, 6. oktober 2025, ob 13.00 (prostih je \u0161e 20 vpisnih mest)<\/span><\/strong><\/li>\n<\/ul>\n<p><span style=\"font-family: verdana, geneva, sans-serif\"><strong>\u00a0<\/strong><\/span><span style=\"font-family: verdana, geneva, sans-serif;color: #008080\"><strong><em>Prijava in vpis bosta potekala osebno na \u0161oli v u\u010dilnici 25 (vhod vi\u0161ja strokovna \u0161ola).<\/em><\/strong><\/span><\/p>\n<p><span style=\"font-family: verdana, geneva, sans-serif\"><strong><em>\u00a0<\/em><\/strong><\/span><span style=\"font-family: verdana, geneva, sans-serif\"><strong><em>Na posamezen vpisni datum bomo vpisali do 20 kandidatov.<\/em><\/strong><\/span><\/p>\n<p><span style=\"font-family: verdana, geneva, sans-serif\"><strong><em>Vpisi bodo trajali do zapolnitve prostih vpisnih mest v posameznih programih.<\/em><\/strong><\/span><\/p>\n<p><span style=\"font-family: verdana, geneva, sans-serif;color: #008080\"><strong>Ob vpisu je potrebno predlo\u017eiti naslednje dokumente:<\/strong><\/span><\/p>\n<ul>\n<li style=\"list-style-type: none\">\n<ul>\n<li><span style=\"font-family: verdana, geneva, sans-serif\">izpolnjen vpisni obrazec: Prijava za vpis v za\u010detni letnik srednje \u0161ole, DZS d.d., obrazec 1,20 <a href=\"https:\/\/www.gov.si\/assets\/ministrstva\/MVI\/Dokumenti\/Srednja-sola\/Obrazci\/Prijavnica-za-vpis-v-srednjo-solo.pdf\">https:\/\/www.gov.si\/assets\/ministrstva\/MVI\/Dokumenti\/Srednja-sola\/Obrazci\/Prijavnica-za-vpis-v-srednjo-solo.pdf<\/a><\/span><\/li>\n<li><span style=\"font-family: verdana, geneva, sans-serif\">osebni dokument z EM\u0160O \u0161tevilko (osebna izkaznica ali potni list, original in fotokopija),<\/span><\/li>\n<li><span style=\"font-family: verdana, geneva, sans-serif\">spri\u010devalo o uspe\u0161no zaklju\u010deni osnovni \u0161oli (original in fotokopija),<\/span><\/li>\n<li><span style=\"font-family: verdana, geneva, sans-serif\">spri\u010devala posameznih letnikov srednje \u0161ole oz. obvestila o uspehu, \u010de je kandidat\/-ka \u017ee obiskoval \/-a srednjo \u0161olo (originali in fotokopije),<\/span><\/li>\n<li><span style=\"font-family: verdana, geneva, sans-serif\">spri\u010devalo o opravljenem zaklju\u010dnem izpitu\/poklicni maturi\/ splo\u0161ni maturi, \u010de je kandidat\/-ka srednjo \u0161olo uspe\u0161no zaklju\u010dil\/-a (original in fotokopija).<\/span><\/li>\n<\/ul>\n<\/li>\n<\/ul>\n<p><span style=\"font-family: verdana, geneva, sans-serif\">Ve\u010d o vpisu v posamezne programe je objavljeno v razpisu za vpis: <a href=\"https:\/\/www.hvu.si\/izobrazevalni-center\/?page_id=38\">https:\/\/www.hvu.si\/izobrazevalni-center\/?page_id=38\u00a0<\/a><\/span><\/p>\n<p>&nbsp;<\/p>\n","protected":false},"excerpt":{"rendered":"<p>Prijava in vpis v srednje\u0161olske programe izobra\u017eevanja odraslih v \u0161olskem letu 2025\/26 Srednje\u0161olski programi izobra\u017eevanja odraslih: ARAN\u017dERSKI TEHNIK, CVETLI\u010cAR, FOTOGRAFSKI TEHNIK, HORTIKULTURNI TEHNIK, VRTNAR. \u00a0Datumi prijave in vpisov: Ponedeljek, 25. avgust 2025, ob 13.00, Ponedeljek, 1. september 2025, ob 13.00, Ponedeljek, 8. september 2025, ob 13.00, Ponedeljek, 15. september 2025, ob 13.00, Ponedeljek, 22. september [&hellip;]<\/p>\n","protected":false},"author":7,"featured_media":1999,"comment_status":"open","ping_status":"open","sticky":false,"template":"","format":"standard","meta":{"footnotes":""},"categories":[4],"tags":[],"class_list":["post-1998","post","type-post","status-publish","format-standard","has-post-thumbnail","hentry","category-obvestila"],"_links":{"self":[{"href":"https:\/\/www.hvu.si\/izobrazevalni-center\/index.php?rest_route=\/wp\/v2\/posts\/1998","targetHints":{"allow":["GET"]}}],"collection":[{"href":"https:\/\/www.hvu.si\/izobrazevalni-center\/index.php?rest_route=\/wp\/v2\/posts"}],"about":[{"href":"https:\/\/www.hvu.si\/izobrazevalni-center\/index.php?rest_route=\/wp\/v2\/types\/post"}],"author":[{"embeddable":true,"href":"https:\/\/www.hvu.si\/izobrazevalni-center\/index.php?rest_route=\/wp\/v2\/users\/7"}],"replies":[{"embeddable":true,"href":"https:\/\/www.hvu.si\/izobrazevalni-center\/index.php?rest_route=%2Fwp%2Fv2%2Fcomments&post=1998"}],"version-history":[{"count":5,"href":"https:\/\/www.hvu.si\/izobrazevalni-center\/index.php?rest_route=\/wp\/v2\/posts\/1998\/revisions"}],"predecessor-version":[{"id":2030,"href":"https:\/\/www.hvu.si\/izobrazevalni-center\/index.php?rest_route=\/wp\/v2\/posts\/1998\/revisions\/2030"}],"wp:featuredmedia":[{"embeddable":true,"href":"https:\/\/www.hvu.si\/izobrazevalni-center\/index.php?rest_route=\/wp\/v2\/media\/1999"}],"wp:attachment":[{"href":"https:\/\/www.hvu.si\/izobrazevalni-center\/index.php?rest_route=%2Fwp%2Fv2%2Fmedia&parent=1998"}],"wp:term":[{"taxonomy":"category","embeddable":true,"href":"https:\/\/www.hvu.si\/izobrazevalni-center\/index.php?rest_route=%2Fwp%2Fv2%2Fcategories&post=1998"},{"taxonomy":"post_tag","embeddable":true,"href":"https:\/\/www.hvu.si\/izobrazevalni-center\/index.php?rest_route=%2Fwp%2Fv2%2Ftags&post=1998"}],"curies":[{"name":"wp","href":"https:\/\/api.w.org\/{rel}","templated":true}]}}