{"id":1207,"date":"2022-02-21T10:54:24","date_gmt":"2022-02-21T09:54:24","guid":{"rendered":"https:\/\/www.hvu.si\/izobrazevalni-center\/?p=1207"},"modified":"2022-02-21T10:54:58","modified_gmt":"2022-02-21T09:54:58","slug":"obvestilo-udelezencem-izobrazevanja-odraslih-od-21-2-2022-v-soli-ni-vec-potrebno-izpolnjevati-pogoja-pct","status":"publish","type":"post","link":"https:\/\/www.hvu.si\/izobrazevalni-center\/?p=1207","title":{"rendered":"Udele\u017eencem izobra\u017eevanja odraslih od 21. 2. 2022 v \u0161oli ni ve\u010d potrebno izpolnjevati pogoja PCT"},"content":{"rendered":"<p style=\"text-align: justify\"><span style=\"font-size: 14pt;font-family: book antiqua, palatino, serif\">Udele\u017eence izobra\u017eevanja odraslih obve\u0161\u010damo, da jim v skladu z okro\u017enico M\u0160Z\u0160, \u0161t. 6030-3\/2022\/12, izdano 19. 2. 2022,\u00a0 od 21. 2. 2022 naprej v \u0161oli ni potrebno ve\u010d izpolnjevati pogoja PCT. \u00a0<\/span><\/p>\n<p style=\"text-align: justify\"><span style=\"font-size: 14pt;font-family: book antiqua, palatino, serif\">\u0160e vedno pa je v zaprtih prostorih \u0161ole obvezna uporaba za\u0161\u010ditnih mask, obvezno je razku\u017eevanje rok ob vstopu v \u0161olsko zgradbo, potrebno pa je tudi vzdr\u017eevanje zadostne medosebne razdalje (vsaj dva metra).<\/span><\/p>\n<p style=\"text-align: justify\"><span style=\"font-size: 14pt;font-family: book antiqua, palatino, serif\">\u00a0Vse udele\u017eence izobra\u017eevanja odraslih prosimo, da se po e-po\u0161ti s posameznimi u\u010ditelji predhodno dogovorijo za konzultacije in opravljanje izpitov.<\/span><\/p>\n<p style=\"text-align: justify\"><span style=\"font-size: 14pt;font-family: book antiqua, palatino, serif\">Podatki o urah konzultacij in e-naslovi u\u010diteljev andrago\u0161kega zbora so objavljeni na spletni strani \u0161ole: <a href=\"https:\/\/www.hvu.si\/izobrazevalni-center\/?page_id=42\">https:\/\/www.hvu.si\/izobrazevalni-center\/?page_id=42<\/a><\/span><\/p>\n<p style=\"text-align: justify\">\n","protected":false},"excerpt":{"rendered":"<p>Udele\u017eence izobra\u017eevanja odraslih obve\u0161\u010damo, da jim v skladu z okro\u017enico M\u0160Z\u0160, \u0161t. 6030-3\/2022\/12, izdano 19. 2. 2022,\u00a0 od 21. 2. 2022 naprej v \u0161oli ni potrebno ve\u010d izpolnjevati pogoja PCT. \u00a0 \u0160e vedno pa je v zaprtih prostorih \u0161ole obvezna uporaba za\u0161\u010ditnih mask, obvezno je razku\u017eevanje rok ob vstopu v \u0161olsko zgradbo, potrebno pa je [&hellip;]<\/p>\n","protected":false},"author":7,"featured_media":0,"comment_status":"open","ping_status":"open","sticky":false,"template":"","format":"standard","meta":{"footnotes":""},"categories":[4],"tags":[],"class_list":["post-1207","post","type-post","status-publish","format-standard","hentry","category-obvestila"],"_links":{"self":[{"href":"https:\/\/www.hvu.si\/izobrazevalni-center\/index.php?rest_route=\/wp\/v2\/posts\/1207","targetHints":{"allow":["GET"]}}],"collection":[{"href":"https:\/\/www.hvu.si\/izobrazevalni-center\/index.php?rest_route=\/wp\/v2\/posts"}],"about":[{"href":"https:\/\/www.hvu.si\/izobrazevalni-center\/index.php?rest_route=\/wp\/v2\/types\/post"}],"author":[{"embeddable":true,"href":"https:\/\/www.hvu.si\/izobrazevalni-center\/index.php?rest_route=\/wp\/v2\/users\/7"}],"replies":[{"embeddable":true,"href":"https:\/\/www.hvu.si\/izobrazevalni-center\/index.php?rest_route=%2Fwp%2Fv2%2Fcomments&post=1207"}],"version-history":[{"count":2,"href":"https:\/\/www.hvu.si\/izobrazevalni-center\/index.php?rest_route=\/wp\/v2\/posts\/1207\/revisions"}],"predecessor-version":[{"id":1209,"href":"https:\/\/www.hvu.si\/izobrazevalni-center\/index.php?rest_route=\/wp\/v2\/posts\/1207\/revisions\/1209"}],"wp:attachment":[{"href":"https:\/\/www.hvu.si\/izobrazevalni-center\/index.php?rest_route=%2Fwp%2Fv2%2Fmedia&parent=1207"}],"wp:term":[{"taxonomy":"category","embeddable":true,"href":"https:\/\/www.hvu.si\/izobrazevalni-center\/index.php?rest_route=%2Fwp%2Fv2%2Fcategories&post=1207"},{"taxonomy":"post_tag","embeddable":true,"href":"https:\/\/www.hvu.si\/izobrazevalni-center\/index.php?rest_route=%2Fwp%2Fv2%2Ftags&post=1207"}],"curies":[{"name":"wp","href":"https:\/\/api.w.org\/{rel}","templated":true}]}}